{"id":475,"date":"2024-02-29T13:54:31","date_gmt":"2024-02-29T13:54:31","guid":{"rendered":"https:\/\/mediathon.intracollab.fr\/?p=475"},"modified":"2024-02-29T16:47:23","modified_gmt":"2024-02-29T16:47:23","slug":"annees-2000","status":"publish","type":"post","link":"https:\/\/mediathon.intracollab.fr\/index.php\/2024\/02\/29\/annees-2000\/","title":{"rendered":"Ann\u00e9es 2000"},"content":{"rendered":"\t\t<div data-elementor-type=\"wp-post\" data-elementor-id=\"475\" class=\"elementor elementor-475\" data-elementor-post-type=\"post\">\n\t\t\t\t<div class=\"elementor-element elementor-element-0e0485d e-flex e-con-boxed wpr-particle-no wpr-jarallax-no wpr-parallax-no wpr-sticky-section-no e-con e-parent\" data-id=\"0e0485d\" data-element_type=\"container\" data-settings=\"{&quot;content_width&quot;:&quot;boxed&quot;}\" data-core-v316-plus=\"true\">\n\t\t\t\t\t<div class=\"e-con-inner\">\n\t\t\t\t<div class=\"elementor-element elementor-element-fcd0ccc elementor-widget elementor-widget-heading\" data-id=\"fcd0ccc\" data-element_type=\"widget\" data-widget_type=\"heading.default\">\n\t\t\t\t<div class=\"elementor-widget-container\">\n\t\t\t<style>\/*! elementor - v3.19.0 - 26-02-2024 *\/\n.elementor-heading-title{padding:0;margin:0;line-height:1}.elementor-widget-heading .elementor-heading-title[class*=elementor-size-]>a{color:inherit;font-size:inherit;line-height:inherit}.elementor-widget-heading .elementor-heading-title.elementor-size-small{font-size:15px}.elementor-widget-heading .elementor-heading-title.elementor-size-medium{font-size:19px}.elementor-widget-heading .elementor-heading-title.elementor-size-large{font-size:29px}.elementor-widget-heading .elementor-heading-title.elementor-size-xl{font-size:39px}.elementor-widget-heading .elementor-heading-title.elementor-size-xxl{font-size:59px}<\/style><h1 class=\"elementor-heading-title elementor-size-default\">Quels articles de mode des ann\u00e9es 2000 reviennent en 2024 ? <\/h1>\t\t<\/div>\n\t\t\t\t<\/div>\n\t\t\t\t\t<\/div>\n\t\t\t\t<\/div>\n\t\t<div class=\"elementor-element elementor-element-8f1dcfc e-flex e-con-boxed wpr-particle-no wpr-jarallax-no wpr-parallax-no wpr-sticky-section-no e-con e-parent\" data-id=\"8f1dcfc\" data-element_type=\"container\" data-settings=\"{&quot;content_width&quot;:&quot;boxed&quot;}\" data-core-v316-plus=\"true\">\n\t\t\t\t\t<div class=\"e-con-inner\">\n\t\t\t\t<div class=\"elementor-element elementor-element-6c72ac1 elementor-widget elementor-widget-text-editor\" data-id=\"6c72ac1\" data-element_type=\"widget\" data-widget_type=\"text-editor.default\">\n\t\t\t\t<div class=\"elementor-widget-container\">\n\t\t\t<style>\/*! elementor - v3.19.0 - 26-02-2024 *\/\n.elementor-widget-text-editor.elementor-drop-cap-view-stacked .elementor-drop-cap{background-color:#69727d;color:#fff}.elementor-widget-text-editor.elementor-drop-cap-view-framed .elementor-drop-cap{color:#69727d;border:3px solid;background-color:transparent}.elementor-widget-text-editor:not(.elementor-drop-cap-view-default) .elementor-drop-cap{margin-top:8px}.elementor-widget-text-editor:not(.elementor-drop-cap-view-default) .elementor-drop-cap-letter{width:1em;height:1em}.elementor-widget-text-editor .elementor-drop-cap{float:left;text-align:center;line-height:1;font-size:50px}.elementor-widget-text-editor .elementor-drop-cap-letter{display:inline-block}<\/style>\t\t\t\t<p>Chaque d\u00e9but d&rsquo;ann\u00e9e, nous voulons tous conna\u00eetre les <strong>nouvelles tendances<\/strong> qui seront \u00e0 l&rsquo;honneur pour \u00eatre la nouvelle Kate Moss.<br \/>En 2024, la g\u00e9n\u00e9ration Z remet au go\u00fbt du jour les ann\u00e9es 2000 ! On ne cesse de le r\u00e9p\u00e9ter, la mode est un <strong>\u00e9ternel recommencement<\/strong>.<br \/>Voici les<strong> 4 articles \u00e0 poss\u00e9der<\/strong> cette ann\u00e9e.<\/p>\t\t\t\t\t\t<\/div>\n\t\t\t\t<\/div>\n\t\t\t\t\t<\/div>\n\t\t\t\t<\/div>\n\t\t<div class=\"elementor-element elementor-element-72de61d e-flex e-con-boxed wpr-particle-no wpr-jarallax-no wpr-parallax-no wpr-sticky-section-no e-con e-parent\" data-id=\"72de61d\" data-element_type=\"container\" data-settings=\"{&quot;content_width&quot;:&quot;boxed&quot;}\" data-core-v316-plus=\"true\">\n\t\t\t\t\t<div class=\"e-con-inner\">\n\t\t\t\t<div class=\"elementor-element elementor-element-9dc1653 elementor-widget elementor-widget-image\" data-id=\"9dc1653\" data-element_type=\"widget\" data-settings=\"{&quot;motion_fx_motion_fx_scrolling&quot;:&quot;yes&quot;,&quot;motion_fx_translateY_effect&quot;:&quot;yes&quot;,&quot;motion_fx_translateY_speed&quot;:{&quot;unit&quot;:&quot;px&quot;,&quot;size&quot;:4,&quot;sizes&quot;:[]},&quot;motion_fx_translateY_affectedRange&quot;:{&quot;unit&quot;:&quot;%&quot;,&quot;size&quot;:&quot;&quot;,&quot;sizes&quot;:{&quot;start&quot;:0,&quot;end&quot;:100}},&quot;motion_fx_devices&quot;:[&quot;desktop&quot;,&quot;tablet&quot;,&quot;mobile&quot;]}\" data-widget_type=\"image.default\">\n\t\t\t\t<div class=\"elementor-widget-container\">\n\t\t\t<style>\/*! elementor - v3.19.0 - 26-02-2024 *\/\n.elementor-widget-image{text-align:center}.elementor-widget-image a{display:inline-block}.elementor-widget-image a img[src$=\".svg\"]{width:48px}.elementor-widget-image img{vertical-align:middle;display:inline-block}<\/style>\t\t\t\t\t\t\t<figure class=\"wp-caption\">\n\t\t\t\t\t\t\t\t\t\t<img fetchpriority=\"high\" decoding=\"async\" width=\"1920\" height=\"1080\" src=\"https:\/\/mediathon.intracollab.fr\/wp-content\/uploads\/2024\/02\/Photos-annees-2000-LOOP.jpg\" class=\"attachment-full size-full wp-image-518\" alt=\"\" srcset=\"https:\/\/mediathon.intracollab.fr\/wp-content\/uploads\/2024\/02\/Photos-annees-2000-LOOP.jpg 1920w, https:\/\/mediathon.intracollab.fr\/wp-content\/uploads\/2024\/02\/Photos-annees-2000-LOOP-300x169.jpg 300w, https:\/\/mediathon.intracollab.fr\/wp-content\/uploads\/2024\/02\/Photos-annees-2000-LOOP-1024x576.jpg 1024w, https:\/\/mediathon.intracollab.fr\/wp-content\/uploads\/2024\/02\/Photos-annees-2000-LOOP-768x432.jpg 768w, https:\/\/mediathon.intracollab.fr\/wp-content\/uploads\/2024\/02\/Photos-annees-2000-LOOP-1536x864.jpg 1536w\" sizes=\"(max-width: 1920px) 100vw, 1920px\" \/>\t\t\t\t\t\t\t\t\t\t\t<figcaption class=\"widget-image-caption wp-caption-text\">Ann\u00e9e 2000, Pinterest<\/figcaption>\n\t\t\t\t\t\t\t\t\t\t<\/figure>\n\t\t\t\t\t\t\t<\/div>\n\t\t\t\t<\/div>\n\t\t\t\t\t<\/div>\n\t\t\t\t<\/div>\n\t\t<div class=\"elementor-element elementor-element-d466a4e e-flex e-con-boxed wpr-particle-no wpr-jarallax-no wpr-parallax-no wpr-sticky-section-no e-con e-parent\" data-id=\"d466a4e\" data-element_type=\"container\" data-settings=\"{&quot;content_width&quot;:&quot;boxed&quot;}\" data-core-v316-plus=\"true\">\n\t\t\t\t\t<div class=\"e-con-inner\">\n\t\t\t\t<div class=\"elementor-element elementor-element-f584ecb elementor-widget elementor-widget-text-editor\" data-id=\"f584ecb\" data-element_type=\"widget\" data-widget_type=\"text-editor.default\">\n\t\t\t\t<div class=\"elementor-widget-container\">\n\t\t\t\t\t\t\t<ul><li><strong>Le jean taille basse<\/strong><\/li><\/ul><p>Le retour du<strong> jean taille basse<\/strong> fait preuve de beaucoup d\u2019avis controvers\u00e9s pourtant de plus en plus de c\u00e9l\u00e9brit\u00e9s l\u2019adopte.<br \/>Cette tendance est de plus en plus compliqu\u00e9e \u00e0 porter, puisqu\u2019elle renvoie \u00e0 un <strong><a href=\"https:\/\/www.linternaute.fr\/dictionnaire\/fr\/definition\/body-shaming\/\">bodyshaming <\/a><\/strong>et met en avant les corps les plus minces.<br \/>Pas de panique, vous ne devez pas suivre la mode \u00e0 la lettre, l\u2019important est de se sentir \u00e0 l\u2019aise dans ses v\u00eatements.<\/p><ul><li><strong>La cha\u00eene de ventre<\/strong><\/li><\/ul><p>Convoit\u00e9 par les ic\u00f4nes de la pop des ann\u00e9es 2000 comme Britney, le <a href=\"https:\/\/www.histoiredor.com\/fr_FR\/p\/chaine-de-ventre-argent-dore-spirit\/FAZFJW00010.html\"><strong>bijou de corps<\/strong> <\/a>est un incontournable pour l\u2019\u00e9t\u00e9 2024. Cette cha\u00eene ajoute une touche glamour et sophistiqu\u00e9e \u00e0 toutes vos tenues. Maintenant que la taille basse est de retour, ce bijou fera toute votre tenue. Si vous n\u2019\u00eates pas fan de la taille basse, cet accessoire peut aussi se superposer sur les robes, jeans et top !<\/p><p>L\u2019ensemble surv\u00eatement en velours \u00e0 la Gabrielle Solis<\/p><p>Qui n\u2019a jamais r\u00eav\u00e9 de ressembler \u00e0 Gabrielle de Desperate Housewife ?<br \/>En tout cas, Paris Hilton et Kim Kardashian nous ont montr\u00e9 que c\u2019\u00e9tait le moment de sortir votre meilleur ensemble color\u00e9 ! Le velour en peau de p\u00eache est pr\u00e9sent sur beaucoup de d\u00e9fil\u00e9s cette ann\u00e9e, mais la marque incontournable reste <a href=\"https:\/\/fr.juicycouture.eu\/fr-fr\/new-arrivals?sortBy=featured-new-arrivals\"><strong>Juicy couture<\/strong><\/a>.<\/p><ul><li><b>Le full denim<\/b><\/li><\/ul><p>Si auparavant, vous aviez des doutes pour associer vos tenues avec plusieurs pi\u00e8ces denim, sachez qu\u2019en 2024 c\u2019est tendance !<br \/>Inspirez-vous du total look jean de Bella Hadid, osez porter une veste en jean avec votre denim pr\u00e9f\u00e9r\u00e9.<br \/>Cette tendance offre une multitude d&rsquo;options pour faire place \u00e0 votre cr\u00e9ativit\u00e9, amusez-vous avec les textures et les couleurs.<\/p><p>Le retour des ann\u00e9es 2000 est bien pr\u00e9sent pour les tendances cette ann\u00e9e. Nous constatons que la mode est cyclique et Britney et Jennifer Lopez continueront toujours d\u2019influencer nos looks.<\/p><p>Beaucoup craignent le retour des jeans slim trou\u00e9s\u2026 et vous qu\u2019en pensez-vous ?<\/p>\t\t\t\t\t\t<\/div>\n\t\t\t\t<\/div>\n\t\t\t\t<div class=\"elementor-element elementor-element-2d796b7 elementor-widget elementor-widget-text-editor\" data-id=\"2d796b7\" data-element_type=\"widget\" data-widget_type=\"text-editor.default\">\n\t\t\t\t<div class=\"elementor-widget-container\">\n\t\t\t\t\t\t\t<p>10\/03\/24<\/p>\t\t\t\t\t\t<\/div>\n\t\t\t\t<\/div>\n\t\t\t\t\t<\/div>\n\t\t\t\t<\/div>\n\t\t<div class=\"elementor-element elementor-element-7833121 e-flex e-con-boxed wpr-particle-no wpr-jarallax-no wpr-parallax-no wpr-sticky-section-no e-con e-parent\" data-id=\"7833121\" data-element_type=\"container\" data-settings=\"{&quot;content_width&quot;:&quot;boxed&quot;}\" data-core-v316-plus=\"true\">\n\t\t\t\t\t<div class=\"e-con-inner\">\n\t\t\t\t<div class=\"elementor-element elementor-element-a0948b2 elementor-align-right elementor-icon-list--layout-traditional elementor-list-item-link-full_width elementor-widget elementor-widget-icon-list\" data-id=\"a0948b2\" data-element_type=\"widget\" data-widget_type=\"icon-list.default\">\n\t\t\t\t<div class=\"elementor-widget-container\">\n\t\t\t<link rel=\"stylesheet\" href=\"https:\/\/mediathon.intracollab.fr\/wp-content\/plugins\/elementor\/assets\/css\/widget-icon-list.min.css\">\t\t<ul class=\"elementor-icon-list-items\">\n\t\t\t\t\t\t\t<li class=\"elementor-icon-list-item\">\n\t\t\t\t\t\t\t\t\t\t\t<a href=\"https:\/\/www.ladn.eu\/nouveaux-usages\/tendances-retour-annnees-2000\/\">\n\n\t\t\t\t\t\t\t\t\t\t\t\t<span class=\"elementor-icon-list-icon\">\n\t\t\t\t\t\t\t<i aria-hidden=\"true\" class=\"jki jki-key-line\"><\/i>\t\t\t\t\t\t<\/span>\n\t\t\t\t\t\t\t\t\t\t<span class=\"elementor-icon-list-text\">Tendances 2000 <\/span>\n\t\t\t\t\t\t\t\t\t\t\t<\/a>\n\t\t\t\t\t\t\t\t\t<\/li>\n\t\t\t\t\t\t\t\t<li class=\"elementor-icon-list-item\">\n\t\t\t\t\t\t\t\t\t\t\t<a href=\"https:\/\/www.marieclaire.fr\/histoire-mode-annee-2000,1336074.asp\">\n\n\t\t\t\t\t\t\t\t\t\t\t\t<span class=\"elementor-icon-list-icon\">\n\t\t\t\t\t\t\t<i aria-hidden=\"true\" class=\"jki jki-key-line\"><\/i>\t\t\t\t\t\t<\/span>\n\t\t\t\t\t\t\t\t\t\t<span class=\"elementor-icon-list-text\">Marie-claire <\/span>\n\t\t\t\t\t\t\t\t\t\t\t<\/a>\n\t\t\t\t\t\t\t\t\t<\/li>\n\t\t\t\t\t\t\t\t<li class=\"elementor-icon-list-item\">\n\t\t\t\t\t\t\t\t\t\t\t<a href=\"https:\/\/www.lofficiel.be\/mode\/kim-kardashian-et-paris-hilton-signent-le-retour-du-survetement-en-velours\">\n\n\t\t\t\t\t\t\t\t\t\t\t\t<span class=\"elementor-icon-list-icon\">\n\t\t\t\t\t\t\t<i aria-hidden=\"true\" class=\"jki jki-key-line\"><\/i>\t\t\t\t\t\t<\/span>\n\t\t\t\t\t\t\t\t\t\t<span class=\"elementor-icon-list-text\">Velour<\/span>\n\t\t\t\t\t\t\t\t\t\t\t<\/a>\n\t\t\t\t\t\t\t\t\t<\/li>\n\t\t\t\t\t\t<\/ul>\n\t\t\t\t<\/div>\n\t\t\t\t<\/div>\n\t\t\t\t\t<\/div>\n\t\t\t\t<\/div>\n\t\t<div class=\"elementor-element elementor-element-a6c93b6 e-flex e-con-boxed wpr-particle-no wpr-jarallax-no wpr-parallax-no wpr-sticky-section-no e-con e-parent\" data-id=\"a6c93b6\" data-element_type=\"container\" data-settings=\"{&quot;content_width&quot;:&quot;boxed&quot;}\" data-core-v316-plus=\"true\">\n\t\t\t\t\t<div class=\"e-con-inner\">\n\t\t\t\t<div class=\"elementor-element elementor-element-d2acd9d elementor-widget elementor-widget-heading\" data-id=\"d2acd9d\" data-element_type=\"widget\" data-widget_type=\"heading.default\">\n\t\t\t\t<div class=\"elementor-widget-container\">\n\t\t\t<h2 class=\"elementor-heading-title elementor-size-default\">Les articles susceptibles de vous plaire<\/h2>\t\t<\/div>\n\t\t\t\t<\/div>\n\t\t\t\t<div class=\"elementor-element elementor-element-22a5e0a elementor-grid-3 elementor-grid-tablet-2 elementor-grid-mobile-1 elementor-posts--thumbnail-top elementor-card-shadow-yes elementor-posts__hover-gradient elementor-widget elementor-widget-posts\" data-id=\"22a5e0a\" data-element_type=\"widget\" data-settings=\"{&quot;cards_columns&quot;:&quot;3&quot;,&quot;cards_columns_tablet&quot;:&quot;2&quot;,&quot;cards_columns_mobile&quot;:&quot;1&quot;,&quot;cards_row_gap&quot;:{&quot;unit&quot;:&quot;px&quot;,&quot;size&quot;:35,&quot;sizes&quot;:[]},&quot;cards_row_gap_tablet&quot;:{&quot;unit&quot;:&quot;px&quot;,&quot;size&quot;:&quot;&quot;,&quot;sizes&quot;:[]},&quot;cards_row_gap_mobile&quot;:{&quot;unit&quot;:&quot;px&quot;,&quot;size&quot;:&quot;&quot;,&quot;sizes&quot;:[]}}\" data-widget_type=\"posts.cards\">\n\t\t\t\t<div class=\"elementor-widget-container\">\n\t\t\t<link rel=\"stylesheet\" href=\"https:\/\/mediathon.intracollab.fr\/wp-content\/plugins\/elementor-pro\/assets\/css\/widget-posts.min.css\">\t\t<div class=\"elementor-posts-container elementor-posts elementor-posts--skin-cards elementor-grid\">\n\t\t\t\t<article class=\"elementor-post elementor-grid-item post-578 post type-post status-publish format-standard has-post-thumbnail hentry category-la-mode-et-le-monde\">\n\t\t\t<div class=\"elementor-post__card\">\n\t\t\t\t<a class=\"elementor-post__thumbnail__link\" href=\"https:\/\/mediathon.intracollab.fr\/index.php\/2024\/02\/29\/influenceurs\/\" tabindex=\"-1\" ><div class=\"elementor-post__thumbnail\"><img decoding=\"async\" width=\"300\" height=\"200\" src=\"https:\/\/mediathon.intracollab.fr\/wp-content\/uploads\/2024\/02\/39084072-1-300x200.jpg\" class=\"attachment-medium size-medium wp-image-555\" alt=\"\" srcset=\"https:\/\/mediathon.intracollab.fr\/wp-content\/uploads\/2024\/02\/39084072-1-300x200.jpg 300w, https:\/\/mediathon.intracollab.fr\/wp-content\/uploads\/2024\/02\/39084072-1-1024x683.jpg 1024w, https:\/\/mediathon.intracollab.fr\/wp-content\/uploads\/2024\/02\/39084072-1-768x512.jpg 768w, https:\/\/mediathon.intracollab.fr\/wp-content\/uploads\/2024\/02\/39084072-1.jpg 1500w\" sizes=\"(max-width: 300px) 100vw, 300px\" \/><\/div><\/a>\n\t\t\t\t<div class=\"elementor-post__badge\">LA MODE ET LE MONDE<\/div>\n\t\t\t\t<div class=\"elementor-post__text\">\n\t\t\t\t<h3 class=\"elementor-post__title\">\n\t\t\t<a href=\"https:\/\/mediathon.intracollab.fr\/index.php\/2024\/02\/29\/influenceurs\/\" >\n\t\t\t\tInfluenceurs\t\t\t<\/a>\n\t\t<\/h3>\n\t\t\n\t\t<a class=\"elementor-post__read-more\" href=\"https:\/\/mediathon.intracollab.fr\/index.php\/2024\/02\/29\/influenceurs\/\" aria-label=\"En savoir plus sur Influenceurs\" tabindex=\"-1\" >\n\t\t\tLire la suite \u00bb\t\t<\/a>\n\n\t\t\t\t<\/div>\n\t\t\t\t<div class=\"elementor-post__meta-data\">\n\t\t\t\t\t<span class=\"elementor-post-date\">\n\t\t\tf\u00e9vrier 29, 2024\t\t<\/span>\n\t\t\t\t<span class=\"elementor-post-avatar\">\n\t\t\tAucun commentaire\t\t<\/span>\n\t\t\t\t<\/div>\n\t\t\t\t\t<\/div>\n\t\t<\/article>\n\t\t\t\t<article class=\"elementor-post elementor-grid-item post-475 post type-post status-publish format-standard has-post-thumbnail hentry category-la-mode-et-le-monde\">\n\t\t\t<div class=\"elementor-post__card\">\n\t\t\t\t<a class=\"elementor-post__thumbnail__link\" href=\"https:\/\/mediathon.intracollab.fr\/index.php\/2024\/02\/29\/annees-2000\/\" tabindex=\"-1\" ><div class=\"elementor-post__thumbnail\"><img decoding=\"async\" width=\"300\" height=\"169\" src=\"https:\/\/mediathon.intracollab.fr\/wp-content\/uploads\/2024\/02\/Photos-annees-2000-LOOP-300x169.jpg\" class=\"attachment-medium size-medium wp-image-518\" alt=\"\" srcset=\"https:\/\/mediathon.intracollab.fr\/wp-content\/uploads\/2024\/02\/Photos-annees-2000-LOOP-300x169.jpg 300w, https:\/\/mediathon.intracollab.fr\/wp-content\/uploads\/2024\/02\/Photos-annees-2000-LOOP-1024x576.jpg 1024w, https:\/\/mediathon.intracollab.fr\/wp-content\/uploads\/2024\/02\/Photos-annees-2000-LOOP-768x432.jpg 768w, https:\/\/mediathon.intracollab.fr\/wp-content\/uploads\/2024\/02\/Photos-annees-2000-LOOP-1536x864.jpg 1536w, https:\/\/mediathon.intracollab.fr\/wp-content\/uploads\/2024\/02\/Photos-annees-2000-LOOP.jpg 1920w\" sizes=\"(max-width: 300px) 100vw, 300px\" \/><\/div><\/a>\n\t\t\t\t<div class=\"elementor-post__badge\">LA MODE ET LE MONDE<\/div>\n\t\t\t\t<div class=\"elementor-post__text\">\n\t\t\t\t<h3 class=\"elementor-post__title\">\n\t\t\t<a href=\"https:\/\/mediathon.intracollab.fr\/index.php\/2024\/02\/29\/annees-2000\/\" >\n\t\t\t\tAnn\u00e9es 2000\t\t\t<\/a>\n\t\t<\/h3>\n\t\t\n\t\t<a class=\"elementor-post__read-more\" href=\"https:\/\/mediathon.intracollab.fr\/index.php\/2024\/02\/29\/annees-2000\/\" aria-label=\"En savoir plus sur Ann\u00e9es 2000\" tabindex=\"-1\" >\n\t\t\tLire la suite \u00bb\t\t<\/a>\n\n\t\t\t\t<\/div>\n\t\t\t\t<div class=\"elementor-post__meta-data\">\n\t\t\t\t\t<span class=\"elementor-post-date\">\n\t\t\tf\u00e9vrier 29, 2024\t\t<\/span>\n\t\t\t\t<span class=\"elementor-post-avatar\">\n\t\t\tAucun commentaire\t\t<\/span>\n\t\t\t\t<\/div>\n\t\t\t\t\t<\/div>\n\t\t<\/article>\n\t\t\t\t<article class=\"elementor-post elementor-grid-item post-459 post type-post status-publish format-standard has-post-thumbnail hentry category-la-mode-et-le-monde\">\n\t\t\t<div class=\"elementor-post__card\">\n\t\t\t\t<a class=\"elementor-post__thumbnail__link\" href=\"https:\/\/mediathon.intracollab.fr\/index.php\/2024\/02\/29\/golden-globes\/\" tabindex=\"-1\" ><div class=\"elementor-post__thumbnail\"><img loading=\"lazy\" decoding=\"async\" width=\"300\" height=\"200\" src=\"https:\/\/mediathon.intracollab.fr\/wp-content\/uploads\/2024\/02\/telechargement-5-300x200.jpeg\" class=\"attachment-medium size-medium wp-image-514\" alt=\"\" srcset=\"https:\/\/mediathon.intracollab.fr\/wp-content\/uploads\/2024\/02\/telechargement-5-300x200.jpeg 300w, https:\/\/mediathon.intracollab.fr\/wp-content\/uploads\/2024\/02\/telechargement-5-1024x682.jpeg 1024w, https:\/\/mediathon.intracollab.fr\/wp-content\/uploads\/2024\/02\/telechargement-5-768x512.jpeg 768w, https:\/\/mediathon.intracollab.fr\/wp-content\/uploads\/2024\/02\/telechargement-5-1536x1024.jpeg 1536w, https:\/\/mediathon.intracollab.fr\/wp-content\/uploads\/2024\/02\/telechargement-5.jpeg 2000w\" sizes=\"(max-width: 300px) 100vw, 300px\" \/><\/div><\/a>\n\t\t\t\t<div class=\"elementor-post__badge\">LA MODE ET LE MONDE<\/div>\n\t\t\t\t<div class=\"elementor-post__text\">\n\t\t\t\t<h3 class=\"elementor-post__title\">\n\t\t\t<a href=\"https:\/\/mediathon.intracollab.fr\/index.php\/2024\/02\/29\/golden-globes\/\" >\n\t\t\t\tGolden Globes\t\t\t<\/a>\n\t\t<\/h3>\n\t\t\n\t\t<a class=\"elementor-post__read-more\" href=\"https:\/\/mediathon.intracollab.fr\/index.php\/2024\/02\/29\/golden-globes\/\" aria-label=\"En savoir plus sur Golden Globes\" tabindex=\"-1\" >\n\t\t\tLire la suite \u00bb\t\t<\/a>\n\n\t\t\t\t<\/div>\n\t\t\t\t<div class=\"elementor-post__meta-data\">\n\t\t\t\t\t<span class=\"elementor-post-date\">\n\t\t\tf\u00e9vrier 29, 2024\t\t<\/span>\n\t\t\t\t<span class=\"elementor-post-avatar\">\n\t\t\tAucun commentaire\t\t<\/span>\n\t\t\t\t<\/div>\n\t\t\t\t\t<\/div>\n\t\t<\/article>\n\t\t\t\t<\/div>\n\t\t\n\t\t\t\t<\/div>\n\t\t\t\t<\/div>\n\t\t\t\t\t<\/div>\n\t\t\t\t<\/div>\n\t\t<div class=\"elementor-element elementor-element-f77c550 e-flex e-con-boxed wpr-particle-no wpr-jarallax-no wpr-parallax-no wpr-sticky-section-no e-con e-parent\" data-id=\"f77c550\" data-element_type=\"container\" data-settings=\"{&quot;content_width&quot;:&quot;boxed&quot;}\" data-core-v316-plus=\"true\">\n\t\t\t\t\t<div class=\"e-con-inner\">\n\t\t\t\t<div class=\"elementor-element elementor-element-e6ba2bf elementor-widget elementor-widget-post-info\" data-id=\"e6ba2bf\" data-element_type=\"widget\" data-widget_type=\"post-info.default\">\n\t\t\t\t<div class=\"elementor-widget-container\">\n\t\t\t<link rel=\"stylesheet\" href=\"https:\/\/mediathon.intracollab.fr\/wp-content\/plugins\/elementor-pro\/assets\/css\/widget-theme-elements.min.css\">\t\t<ul class=\"elementor-inline-items elementor-icon-list-items elementor-post-info\">\n\t\t\t\t\t\t\t\t<li class=\"elementor-icon-list-item elementor-repeater-item-0b8764d elementor-inline-item\" itemprop=\"author\">\n\t\t\t\t\t\t<a href=\"https:\/\/mediathon.intracollab.fr\/index.php\/author\/ines-et-maxanne\/\">\n\t\t\t\t\t\t\t\t\t\t\t<span class=\"elementor-icon-list-icon\">\n\t\t\t\t\t\t\t\t<svg aria-hidden=\"true\" class=\"e-font-icon-svg e-far-user-circle\" viewBox=\"0 0 496 512\" xmlns=\"http:\/\/www.w3.org\/2000\/svg\"><path d=\"M248 104c-53 0-96 43-96 96s43 96 96 96 96-43 96-96-43-96-96-96zm0 144c-26.5 0-48-21.5-48-48s21.5-48 48-48 48 21.5 48 48-21.5 48-48 48zm0-240C111 8 0 119 0 256s111 248 248 248 248-111 248-248S385 8 248 8zm0 448c-49.7 0-95.1-18.3-130.1-48.4 14.9-23 40.4-38.6 69.6-39.5 20.8 6.4 40.6 9.6 60.5 9.6s39.7-3.1 60.5-9.6c29.2 1 54.7 16.5 69.6 39.5-35 30.1-80.4 48.4-130.1 48.4zm162.7-84.1c-24.4-31.4-62.1-51.9-105.1-51.9-10.2 0-26 9.6-57.6 9.6-31.5 0-47.4-9.6-57.6-9.6-42.9 0-80.6 20.5-105.1 51.9C61.9 339.2 48 299.2 48 256c0-110.3 89.7-200 200-200s200 89.7 200 200c0 43.2-13.9 83.2-37.3 115.9z\"><\/path><\/svg>\t\t\t\t\t\t\t<\/span>\n\t\t\t\t\t\t\t\t\t<span class=\"elementor-icon-list-text elementor-post-info__item elementor-post-info__item--type-author\">\n\t\t\t\t\t\t\t\t\t\tInes Guerin Maxanne Paix\t\t\t\t\t<\/span>\n\t\t\t\t\t\t\t\t\t<\/a>\n\t\t\t\t<\/li>\n\t\t\t\t<li class=\"elementor-icon-list-item elementor-repeater-item-69a9360 elementor-inline-item\" itemprop=\"datePublished\">\n\t\t\t\t\t\t<a href=\"https:\/\/mediathon.intracollab.fr\/index.php\/2024\/02\/29\/\">\n\t\t\t\t\t\t\t\t\t\t\t<span class=\"elementor-icon-list-icon\">\n\t\t\t\t\t\t\t\t<svg aria-hidden=\"true\" class=\"e-font-icon-svg e-fas-calendar\" viewBox=\"0 0 448 512\" xmlns=\"http:\/\/www.w3.org\/2000\/svg\"><path d=\"M12 192h424c6.6 0 12 5.4 12 12v260c0 26.5-21.5 48-48 48H48c-26.5 0-48-21.5-48-48V204c0-6.6 5.4-12 12-12zm436-44v-36c0-26.5-21.5-48-48-48h-48V12c0-6.6-5.4-12-12-12h-40c-6.6 0-12 5.4-12 12v52H160V12c0-6.6-5.4-12-12-12h-40c-6.6 0-12 5.4-12 12v52H48C21.5 64 0 85.5 0 112v36c0 6.6 5.4 12 12 12h424c6.6 0 12-5.4 12-12z\"><\/path><\/svg>\t\t\t\t\t\t\t<\/span>\n\t\t\t\t\t\t\t\t\t<span class=\"elementor-icon-list-text elementor-post-info__item elementor-post-info__item--type-date\">\n\t\t\t\t\t\t\t\t\t\tf\u00e9vrier 29, 2024\t\t\t\t\t<\/span>\n\t\t\t\t\t\t\t\t\t<\/a>\n\t\t\t\t<\/li>\n\t\t\t\t<li class=\"elementor-icon-list-item elementor-repeater-item-71ddda2 elementor-inline-item\">\n\t\t\t\t\t\t\t\t\t\t<span class=\"elementor-icon-list-icon\">\n\t\t\t\t\t\t\t\t<svg aria-hidden=\"true\" class=\"e-font-icon-svg e-far-clock\" viewBox=\"0 0 512 512\" xmlns=\"http:\/\/www.w3.org\/2000\/svg\"><path d=\"M256 8C119 8 8 119 8 256s111 248 248 248 248-111 248-248S393 8 256 8zm0 448c-110.5 0-200-89.5-200-200S145.5 56 256 56s200 89.5 200 200-89.5 200-200 200zm61.8-104.4l-84.9-61.7c-3.1-2.3-4.9-5.9-4.9-9.7V116c0-6.6 5.4-12 12-12h32c6.6 0 12 5.4 12 12v141.7l66.8 48.6c5.4 3.9 6.5 11.4 2.6 16.8L334.6 349c-3.9 5.3-11.4 6.5-16.8 2.6z\"><\/path><\/svg>\t\t\t\t\t\t\t<\/span>\n\t\t\t\t\t\t\t\t\t<span class=\"elementor-icon-list-text elementor-post-info__item elementor-post-info__item--type-time\">\n\t\t\t\t\t\t\t\t\t\t1:49 pm\t\t\t\t\t<\/span>\n\t\t\t\t\t\t\t\t<\/li>\n\t\t\t\t<li class=\"elementor-icon-list-item elementor-repeater-item-3132045 elementor-inline-item\" itemprop=\"commentCount\">\n\t\t\t\t\t\t<a href=\"https:\/\/mediathon.intracollab.fr\/index.php\/2024\/02\/29\/golden-globes\/#respond\">\n\t\t\t\t\t\t\t\t\t\t\t<span class=\"elementor-icon-list-icon\">\n\t\t\t\t\t\t\t\t<svg aria-hidden=\"true\" class=\"e-font-icon-svg e-far-comment-dots\" viewBox=\"0 0 512 512\" xmlns=\"http:\/\/www.w3.org\/2000\/svg\"><path d=\"M144 208c-17.7 0-32 14.3-32 32s14.3 32 32 32 32-14.3 32-32-14.3-32-32-32zm112 0c-17.7 0-32 14.3-32 32s14.3 32 32 32 32-14.3 32-32-14.3-32-32-32zm112 0c-17.7 0-32 14.3-32 32s14.3 32 32 32 32-14.3 32-32-14.3-32-32-32zM256 32C114.6 32 0 125.1 0 240c0 47.6 19.9 91.2 52.9 126.3C38 405.7 7 439.1 6.5 439.5c-6.6 7-8.4 17.2-4.6 26S14.4 480 24 480c61.5 0 110-25.7 139.1-46.3C192 442.8 223.2 448 256 448c141.4 0 256-93.1 256-208S397.4 32 256 32zm0 368c-26.7 0-53.1-4.1-78.4-12.1l-22.7-7.2-19.5 13.8c-14.3 10.1-33.9 21.4-57.5 29 7.3-12.1 14.4-25.7 19.9-40.2l10.6-28.1-20.6-21.8C69.7 314.1 48 282.2 48 240c0-88.2 93.3-160 208-160s208 71.8 208 160-93.3 160-208 160z\"><\/path><\/svg>\t\t\t\t\t\t\t<\/span>\n\t\t\t\t\t\t\t\t\t<span class=\"elementor-icon-list-text elementor-post-info__item elementor-post-info__item--type-comments\">\n\t\t\t\t\t\t\t\t\t\tAucun commentaire\t\t\t\t\t<\/span>\n\t\t\t\t\t\t\t\t\t<\/a>\n\t\t\t\t<\/li>\n\t\t\t\t<\/ul>\n\t\t\t\t<\/div>\n\t\t\t\t<\/div>\n\t\t\t\t<div class=\"elementor-element elementor-element-a44a396 elementor-widget elementor-widget-jkit_post_comment\" data-id=\"a44a396\" data-element_type=\"widget\" data-widget_type=\"jkit_post_comment.default\">\n\t\t\t\t<div class=\"elementor-widget-container\">\n\t\t\t<div  class=\"jeg-elementor-kit jkit-post-comment jeg_module___69f4fb0ea245e\" ><\/div>\t\t<\/div>\n\t\t\t\t<\/div>\n\t\t\t\t\t<\/div>\n\t\t\t\t<\/div>\n\t\t\t\t<\/div>\n\t\t","protected":false},"excerpt":{"rendered":"<p>Quels articles de<\/p>\n","protected":false},"author":4,"featured_media":518,"comment_status":"open","ping_status":"open","sticky":false,"template":"elementor_header_footer","format":"standard","meta":{"footnotes":""},"categories":[10],"tags":[],"_links":{"self":[{"href":"https:\/\/mediathon.intracollab.fr\/index.php\/wp-json\/wp\/v2\/posts\/475"}],"collection":[{"href":"https:\/\/mediathon.intracollab.fr\/index.php\/wp-json\/wp\/v2\/posts"}],"about":[{"href":"https:\/\/mediathon.intracollab.fr\/index.php\/wp-json\/wp\/v2\/types\/post"}],"author":[{"embeddable":true,"href":"https:\/\/mediathon.intracollab.fr\/index.php\/wp-json\/wp\/v2\/users\/4"}],"replies":[{"embeddable":true,"href":"https:\/\/mediathon.intracollab.fr\/index.php\/wp-json\/wp\/v2\/comments?post=475"}],"version-history":[{"count":27,"href":"https:\/\/mediathon.intracollab.fr\/index.php\/wp-json\/wp\/v2\/posts\/475\/revisions"}],"predecessor-version":[{"id":688,"href":"https:\/\/mediathon.intracollab.fr\/index.php\/wp-json\/wp\/v2\/posts\/475\/revisions\/688"}],"wp:featuredmedia":[{"embeddable":true,"href":"https:\/\/mediathon.intracollab.fr\/index.php\/wp-json\/wp\/v2\/media\/518"}],"wp:attachment":[{"href":"https:\/\/mediathon.intracollab.fr\/index.php\/wp-json\/wp\/v2\/media?parent=475"}],"wp:term":[{"taxonomy":"category","embeddable":true,"href":"https:\/\/mediathon.intracollab.fr\/index.php\/wp-json\/wp\/v2\/categories?post=475"},{"taxonomy":"post_tag","embeddable":true,"href":"https:\/\/mediathon.intracollab.fr\/index.php\/wp-json\/wp\/v2\/tags?post=475"}],"curies":[{"name":"wp","href":"https:\/\/api.w.org\/{rel}","templated":true}]}}