{"id":233,"date":"2024-02-29T09:17:07","date_gmt":"2024-02-29T09:17:07","guid":{"rendered":"https:\/\/mediathon.intracollab.fr\/?p=233"},"modified":"2024-02-29T16:33:12","modified_gmt":"2024-02-29T16:33:12","slug":"lincroyable-histoire-de-loop","status":"publish","type":"post","link":"https:\/\/mediathon.intracollab.fr\/index.php\/2024\/02\/29\/lincroyable-histoire-de-loop\/","title":{"rendered":"L\u2019incroyable histoire de Loop"},"content":{"rendered":"\t\t<div data-elementor-type=\"wp-post\" data-elementor-id=\"233\" class=\"elementor elementor-233\" data-elementor-post-type=\"post\">\n\t\t\t\t<div class=\"elementor-element elementor-element-2a26f71 e-flex e-con-boxed wpr-particle-no wpr-jarallax-no wpr-parallax-no wpr-sticky-section-no e-con e-parent\" data-id=\"2a26f71\" data-element_type=\"container\" data-settings=\"{&quot;content_width&quot;:&quot;boxed&quot;}\" data-core-v316-plus=\"true\">\n\t\t\t\t\t<div class=\"e-con-inner\">\n\t\t\t\t<div class=\"elementor-element elementor-element-e35f3ed elementor-widget elementor-widget-heading\" data-id=\"e35f3ed\" data-element_type=\"widget\" data-widget_type=\"heading.default\">\n\t\t\t\t<div class=\"elementor-widget-container\">\n\t\t\t<style>\/*! elementor - v3.19.0 - 26-02-2024 *\/\n.elementor-heading-title{padding:0;margin:0;line-height:1}.elementor-widget-heading .elementor-heading-title[class*=elementor-size-]>a{color:inherit;font-size:inherit;line-height:inherit}.elementor-widget-heading .elementor-heading-title.elementor-size-small{font-size:15px}.elementor-widget-heading .elementor-heading-title.elementor-size-medium{font-size:19px}.elementor-widget-heading .elementor-heading-title.elementor-size-large{font-size:29px}.elementor-widget-heading .elementor-heading-title.elementor-size-xl{font-size:39px}.elementor-widget-heading .elementor-heading-title.elementor-size-xxl{font-size:59px}<\/style><h1 class=\"elementor-heading-title elementor-size-default\">L\u2019incroyable histoire de Loop<\/h1>\t\t<\/div>\n\t\t\t\t<\/div>\n\t\t\t\t\t<\/div>\n\t\t\t\t<\/div>\n\t\t<div class=\"elementor-element elementor-element-0c4798a e-flex e-con-boxed wpr-particle-no wpr-jarallax-no wpr-parallax-no wpr-sticky-section-no e-con e-parent\" data-id=\"0c4798a\" data-element_type=\"container\" data-settings=\"{&quot;content_width&quot;:&quot;boxed&quot;}\" data-core-v316-plus=\"true\">\n\t\t\t\t\t<div class=\"e-con-inner\">\n\t\t<div class=\"elementor-element elementor-element-d99ed6d e-con-full e-flex wpr-particle-no wpr-jarallax-no wpr-parallax-no wpr-sticky-section-no e-con e-child\" data-id=\"d99ed6d\" data-element_type=\"container\" data-settings=\"{&quot;content_width&quot;:&quot;full&quot;}\">\n\t\t\t\t<div class=\"elementor-element elementor-element-18b96a0 elementor-widget elementor-widget-text-editor\" data-id=\"18b96a0\" data-element_type=\"widget\" data-widget_type=\"text-editor.default\">\n\t\t\t\t<div class=\"elementor-widget-container\">\n\t\t\t<style>\/*! elementor - v3.19.0 - 26-02-2024 *\/\n.elementor-widget-text-editor.elementor-drop-cap-view-stacked .elementor-drop-cap{background-color:#69727d;color:#fff}.elementor-widget-text-editor.elementor-drop-cap-view-framed .elementor-drop-cap{color:#69727d;border:3px solid;background-color:transparent}.elementor-widget-text-editor:not(.elementor-drop-cap-view-default) .elementor-drop-cap{margin-top:8px}.elementor-widget-text-editor:not(.elementor-drop-cap-view-default) .elementor-drop-cap-letter{width:1em;height:1em}.elementor-widget-text-editor .elementor-drop-cap{float:left;text-align:center;line-height:1;font-size:50px}.elementor-widget-text-editor .elementor-drop-cap-letter{display:inline-block}<\/style>\t\t\t\t<p>L\u2019histoire d\u00e9bute en 2021, c\u2019est la fin des vacances d\u2019\u00e9t\u00e9, le moment de plonger la t\u00eate la premi\u00e8re dans le grand bain : les \u00e9tudes sup\u00e9rieures. <\/p>\n<p>Nous sommes une trentaine d\u2019\u00e9tudiants qui entrent dans un cursus de Responsable de la Communication. C\u2019est un domaine o\u00f9 nous sommes \u00e9norm\u00e9ment incit\u00e9s \u00e0 travailler en groupe. Mais la plupart du temps nous ne les choisissons pas. Lors d\u2019un \u00e9ni\u00e8me projet, un groupe se forme compos\u00e9 de : Ines, Louis, H\u00e9lo\u00efse, Salom\u00e9, Le\u00efa et Maxanne. Nous ne nous connaissions pas vraiment, mais de r\u00e9els liens se sont cr\u00e9\u00e9s ! L\u2019\u00e9quipe est devenue soud\u00e9e, cr\u00e9ative, productive, chaque membre se compl\u00e9tait. <\/p>\n<p>Pendant deux longues ann\u00e9es, nous avions pour objectif : construire un empire faisant de nous de vrais entrepreneurs. La question que nous nous sommes pos\u00e9e est : qu\u2019est-ce qui nous r\u00e9unit tous ? La mode, bien \u00e9videmment ! <\/p>\n<p>Pour d\u00e9finir nos styles, Louis, c\u2019est la fashionista du groupe, toujours de la couleur pour \u00e9gayer nos pupilles, des looks affirm\u00e9s et pop. H\u00e9lo\u00efse, on la d\u00e9finit comme la fille \u00e0 la pointe de la mode, croyez-nous, elle aura toujours la pi\u00e8ce la plus tendance du moment. Ines, ayant v\u00e9cu la moiti\u00e9 de sa vie en Nouvelle-Cal\u00e9donie, elle nous apporte le soleil de par ses tenues estivales m\u00eame en hiver. Salom\u00e9 habite au bord de l\u2019oc\u00e9an, on peut d\u00e9finir son look comme la surfeuse chic qui aime s\u2019habiller. Le\u00efa, elle aime \u00eatre confortable et habill\u00e9e, elle vous sortira des tenues inattendues mais incroyables. Maxanne a pour surnom la \u201cdaronne du groupe\u201d ce n\u2019est pas pour rien, elle a des looks tendances en \u00e9tant perch\u00e9e sur ses talons.<\/p>\t\t\t\t\t\t<\/div>\n\t\t\t\t<\/div>\n\t\t\t\t<\/div>\n\t\t<div class=\"elementor-element elementor-element-a06874a e-con-full e-flex wpr-particle-no wpr-jarallax-no wpr-parallax-no wpr-sticky-section-no e-con e-child\" data-id=\"a06874a\" data-element_type=\"container\" data-settings=\"{&quot;content_width&quot;:&quot;full&quot;}\">\n\t\t\t\t<div class=\"elementor-element elementor-element-2299693 elementor-invisible elementor-widget elementor-widget-image\" data-id=\"2299693\" data-element_type=\"widget\" data-settings=\"{&quot;_animation&quot;:&quot;fadeInRight&quot;}\" data-widget_type=\"image.default\">\n\t\t\t\t<div class=\"elementor-widget-container\">\n\t\t\t<style>\/*! elementor - v3.19.0 - 26-02-2024 *\/\n.elementor-widget-image{text-align:center}.elementor-widget-image a{display:inline-block}.elementor-widget-image a img[src$=\".svg\"]{width:48px}.elementor-widget-image img{vertical-align:middle;display:inline-block}<\/style>\t\t\t\t\t\t\t\t\t\t<img fetchpriority=\"high\" decoding=\"async\" width=\"614\" height=\"1024\" src=\"https:\/\/mediathon.intracollab.fr\/wp-content\/uploads\/2024\/02\/two-young-beautiful-smiling-hipster-female-trendy-white-sweater-coat-1-scaled-e1709198793742-614x1024.jpg\" class=\"attachment-large size-large wp-image-241\" alt=\"\" srcset=\"https:\/\/mediathon.intracollab.fr\/wp-content\/uploads\/2024\/02\/two-young-beautiful-smiling-hipster-female-trendy-white-sweater-coat-1-scaled-e1709198793742-614x1024.jpg 614w, https:\/\/mediathon.intracollab.fr\/wp-content\/uploads\/2024\/02\/two-young-beautiful-smiling-hipster-female-trendy-white-sweater-coat-1-scaled-e1709198793742-180x300.jpg 180w, https:\/\/mediathon.intracollab.fr\/wp-content\/uploads\/2024\/02\/two-young-beautiful-smiling-hipster-female-trendy-white-sweater-coat-1-scaled-e1709198793742-768x1280.jpg 768w, https:\/\/mediathon.intracollab.fr\/wp-content\/uploads\/2024\/02\/two-young-beautiful-smiling-hipster-female-trendy-white-sweater-coat-1-scaled-e1709198793742-922x1536.jpg 922w, https:\/\/mediathon.intracollab.fr\/wp-content\/uploads\/2024\/02\/two-young-beautiful-smiling-hipster-female-trendy-white-sweater-coat-1-scaled-e1709198793742.jpg 1152w\" sizes=\"(max-width: 614px) 100vw, 614px\" \/>\t\t\t\t\t\t\t\t\t\t\t\t\t<\/div>\n\t\t\t\t<\/div>\n\t\t\t\t<\/div>\n\t\t\t\t\t<\/div>\n\t\t\t\t<\/div>\n\t\t<div class=\"elementor-element elementor-element-723ebaa e-flex e-con-boxed wpr-particle-no wpr-jarallax-no wpr-parallax-no wpr-sticky-section-no e-con e-parent\" data-id=\"723ebaa\" data-element_type=\"container\" data-settings=\"{&quot;content_width&quot;:&quot;boxed&quot;}\" data-core-v316-plus=\"true\">\n\t\t\t\t\t<div class=\"e-con-inner\">\n\t\t<div class=\"elementor-element elementor-element-707ad1d e-con-full e-flex wpr-particle-no wpr-jarallax-no wpr-parallax-no wpr-sticky-section-no e-con e-child\" data-id=\"707ad1d\" data-element_type=\"container\" data-settings=\"{&quot;content_width&quot;:&quot;full&quot;}\">\n\t\t\t\t<div class=\"elementor-element elementor-element-d7a34c5 elementor-invisible elementor-widget elementor-widget-image\" data-id=\"d7a34c5\" data-element_type=\"widget\" data-settings=\"{&quot;_animation&quot;:&quot;fadeInLeft&quot;}\" data-widget_type=\"image.default\">\n\t\t\t\t<div class=\"elementor-widget-container\">\n\t\t\t\t\t\t\t\t\t\t\t\t\t<img decoding=\"async\" width=\"2560\" height=\"1798\" src=\"https:\/\/mediathon.intracollab.fr\/wp-content\/uploads\/2024\/02\/women-trying-clothes-store-scaled.jpg\" class=\"attachment-full size-full wp-image-247\" alt=\"\" srcset=\"https:\/\/mediathon.intracollab.fr\/wp-content\/uploads\/2024\/02\/women-trying-clothes-store-scaled.jpg 2560w, https:\/\/mediathon.intracollab.fr\/wp-content\/uploads\/2024\/02\/women-trying-clothes-store-300x211.jpg 300w, https:\/\/mediathon.intracollab.fr\/wp-content\/uploads\/2024\/02\/women-trying-clothes-store-1024x719.jpg 1024w, https:\/\/mediathon.intracollab.fr\/wp-content\/uploads\/2024\/02\/women-trying-clothes-store-768x540.jpg 768w, https:\/\/mediathon.intracollab.fr\/wp-content\/uploads\/2024\/02\/women-trying-clothes-store-1536x1079.jpg 1536w, https:\/\/mediathon.intracollab.fr\/wp-content\/uploads\/2024\/02\/women-trying-clothes-store-2048x1439.jpg 2048w\" sizes=\"(max-width: 2560px) 100vw, 2560px\" \/>\t\t\t\t\t\t\t\t\t\t\t\t\t<\/div>\n\t\t\t\t<\/div>\n\t\t\t\t<\/div>\n\t\t<div class=\"elementor-element elementor-element-4fbb8c9 e-con-full e-flex wpr-particle-no wpr-jarallax-no wpr-parallax-no wpr-sticky-section-no e-con e-child\" data-id=\"4fbb8c9\" data-element_type=\"container\" data-settings=\"{&quot;content_width&quot;:&quot;full&quot;}\">\n\t\t\t\t<div class=\"elementor-element elementor-element-58d2db1 elementor-widget elementor-widget-text-editor\" data-id=\"58d2db1\" data-element_type=\"widget\" data-widget_type=\"text-editor.default\">\n\t\t\t\t<div class=\"elementor-widget-container\">\n\t\t\t\t\t\t\t<p>Nos pauses-caf\u00e9 se r\u00e9sument \u00e0 d\u00e9crypter l\u2019actualit\u00e9 mode. Jusqu\u2019au jour o\u00f9 nous avons d\u00e9cid\u00e9 de faire une vid\u00e9o sur Tiktok pour s\u2019amuser. Le lendemain matin, on se retrouve surexcit\u00e9e en s&rsquo;annon\u00e7ant que notre vid\u00e9o a fait deux millions de vues et des milliers de commentaires !<\/p><p>C\u2019\u00e9tait trop facile\u2026 Lors d\u2019une promenade en centre-ville, nous avons eu la chance d\u2019interviewer Julien Granel. V\u00eatues d\u2019une tenue tr\u00e8s color\u00e9e, nous avons mis que c\u2019\u00e9tait une tenue Choc dans notre vid\u00e9o. Il n\u2019y avait rien de m\u00e9chant, cela signifiait uniquement que son look \u00e9tait extravagant. Mais contre notre gr\u00e8s, l\u2019interpr\u00e9tation de ses fans signifiait \u201chorrible\u201d. Toute sa fanbase nous a signal\u00e9s sur les r\u00e9seaux sociaux, jusqu\u2019\u00e0 qu\u2019on soit banni de Tiktok. On a perdu notre communaut\u00e9, notre travail qui comptait tant \u00e0 nos yeux. Des heures et des heures d\u2019investissement pour tout perdre. C\u2019\u00e9tait un r\u00e9el choc pour le coup.<\/p><p>Mais il \u00e9tait hors de question qu\u2019on abandonne ! Nous n\u2019avons pas investi tant de temps pour rien ! On a imm\u00e9diatement rebondi, fait un message d&rsquo;excuses envers Julien et sa communaut\u00e9. Et avons continu\u00e9 nos vid\u00e9os, articles et podcast comme \u00e0 notre habitude. Julien nous a \u00e9norm\u00e9ment soutenus, et aujourd\u2019hui nous avons tripl\u00e9 notre nombre d\u2019abonn\u00e9s sur TikTok, nos lecteurs sur le site et les \u00e9coutes sur le podcast.<\/p><p>Le d\u00e9but de Loop commence l\u00e0. Nous sommes de plus en plus pr\u00e9sents sur la plateforme TikTok et \u00e0 c\u00f4t\u00e9, nous \u00e9crivons des articles afin de d\u00e9crypter en profondeur les \u00e9v\u00e9nements o\u00f9 la mode est omnipr\u00e9sente, la Fashion Week, les tenues de c\u00e9l\u00e9brit\u00e9s. Et pour les non-lecteurs, Loop a son propre podcast !<\/p>\t\t\t\t\t\t<\/div>\n\t\t\t\t<\/div>\n\t\t\t\t<\/div>\n\t\t\t\t\t<\/div>\n\t\t\t\t<\/div>\n\t\t<div class=\"elementor-element elementor-element-e83ad35 e-flex e-con-boxed wpr-particle-no wpr-jarallax-no wpr-parallax-no wpr-sticky-section-no e-con e-parent\" data-id=\"e83ad35\" data-element_type=\"container\" data-settings=\"{&quot;content_width&quot;:&quot;boxed&quot;}\" data-core-v316-plus=\"true\">\n\t\t\t\t\t<div class=\"e-con-inner\">\n\t\t\t\t<div class=\"elementor-element elementor-element-de94abc elementor-widget elementor-widget-heading\" data-id=\"de94abc\" data-element_type=\"widget\" data-widget_type=\"heading.default\">\n\t\t\t\t<div class=\"elementor-widget-container\">\n\t\t\t<h4 class=\"elementor-heading-title elementor-size-default\">Article r\u00e9dig\u00e9 par Maxanne Paix<\/h4>\t\t<\/div>\n\t\t\t\t<\/div>\n\t\t\t\t<div class=\"elementor-element elementor-element-93f1122 elementor-widget elementor-widget-text-editor\" data-id=\"93f1122\" data-element_type=\"widget\" data-widget_type=\"text-editor.default\">\n\t\t\t\t<div class=\"elementor-widget-container\">\n\t\t\t\t\t\t\t<p>04\/03\/24<\/p>\t\t\t\t\t\t<\/div>\n\t\t\t\t<\/div>\n\t\t<div class=\"elementor-element elementor-element-b9f6c51 e-flex e-con-boxed wpr-particle-no wpr-jarallax-no wpr-parallax-no wpr-sticky-section-no e-con e-child\" data-id=\"b9f6c51\" data-element_type=\"container\" data-settings=\"{&quot;content_width&quot;:&quot;boxed&quot;}\">\n\t\t\t\t\t<div class=\"e-con-inner\">\n\t\t\t\t<div class=\"elementor-element elementor-element-7f895dd elementor-widget elementor-widget-heading\" data-id=\"7f895dd\" data-element_type=\"widget\" data-widget_type=\"heading.default\">\n\t\t\t\t<div class=\"elementor-widget-container\">\n\t\t\t<h2 class=\"elementor-heading-title elementor-size-default\">Les articles susceptibles de vous plaire<\/h2>\t\t<\/div>\n\t\t\t\t<\/div>\n\t\t\t\t<div class=\"elementor-element elementor-element-141e7ba elementor-grid-3 elementor-grid-tablet-2 elementor-grid-mobile-1 elementor-posts--thumbnail-top elementor-card-shadow-yes elementor-posts__hover-gradient elementor-widget elementor-widget-posts\" data-id=\"141e7ba\" data-element_type=\"widget\" data-settings=\"{&quot;cards_columns&quot;:&quot;3&quot;,&quot;cards_columns_tablet&quot;:&quot;2&quot;,&quot;cards_columns_mobile&quot;:&quot;1&quot;,&quot;cards_row_gap&quot;:{&quot;unit&quot;:&quot;px&quot;,&quot;size&quot;:35,&quot;sizes&quot;:[]},&quot;cards_row_gap_tablet&quot;:{&quot;unit&quot;:&quot;px&quot;,&quot;size&quot;:&quot;&quot;,&quot;sizes&quot;:[]},&quot;cards_row_gap_mobile&quot;:{&quot;unit&quot;:&quot;px&quot;,&quot;size&quot;:&quot;&quot;,&quot;sizes&quot;:[]}}\" data-widget_type=\"posts.cards\">\n\t\t\t\t<div class=\"elementor-widget-container\">\n\t\t\t<link rel=\"stylesheet\" href=\"https:\/\/mediathon.intracollab.fr\/wp-content\/plugins\/elementor-pro\/assets\/css\/widget-posts.min.css\">\t\t<div class=\"elementor-posts-container elementor-posts elementor-posts--skin-cards elementor-grid\">\n\t\t\t\t<article class=\"elementor-post elementor-grid-item post-578 post type-post status-publish format-standard has-post-thumbnail hentry category-la-mode-et-le-monde\">\n\t\t\t<div class=\"elementor-post__card\">\n\t\t\t\t<a class=\"elementor-post__thumbnail__link\" href=\"https:\/\/mediathon.intracollab.fr\/index.php\/2024\/02\/29\/influenceurs\/\" tabindex=\"-1\" ><div class=\"elementor-post__thumbnail\"><img decoding=\"async\" width=\"300\" height=\"200\" src=\"https:\/\/mediathon.intracollab.fr\/wp-content\/uploads\/2024\/02\/39084072-1-300x200.jpg\" class=\"attachment-medium size-medium wp-image-555\" alt=\"\" srcset=\"https:\/\/mediathon.intracollab.fr\/wp-content\/uploads\/2024\/02\/39084072-1-300x200.jpg 300w, https:\/\/mediathon.intracollab.fr\/wp-content\/uploads\/2024\/02\/39084072-1-1024x683.jpg 1024w, https:\/\/mediathon.intracollab.fr\/wp-content\/uploads\/2024\/02\/39084072-1-768x512.jpg 768w, https:\/\/mediathon.intracollab.fr\/wp-content\/uploads\/2024\/02\/39084072-1.jpg 1500w\" sizes=\"(max-width: 300px) 100vw, 300px\" \/><\/div><\/a>\n\t\t\t\t<div class=\"elementor-post__badge\">LA MODE ET LE MONDE<\/div>\n\t\t\t\t<div class=\"elementor-post__text\">\n\t\t\t\t<h3 class=\"elementor-post__title\">\n\t\t\t<a href=\"https:\/\/mediathon.intracollab.fr\/index.php\/2024\/02\/29\/influenceurs\/\" >\n\t\t\t\tInfluenceurs\t\t\t<\/a>\n\t\t<\/h3>\n\t\t\n\t\t<a class=\"elementor-post__read-more\" href=\"https:\/\/mediathon.intracollab.fr\/index.php\/2024\/02\/29\/influenceurs\/\" aria-label=\"En savoir plus sur Influenceurs\" tabindex=\"-1\" >\n\t\t\tLire la suite \u00bb\t\t<\/a>\n\n\t\t\t\t<\/div>\n\t\t\t\t<div class=\"elementor-post__meta-data\">\n\t\t\t\t\t<span class=\"elementor-post-date\">\n\t\t\tf\u00e9vrier 29, 2024\t\t<\/span>\n\t\t\t\t<span class=\"elementor-post-avatar\">\n\t\t\tAucun commentaire\t\t<\/span>\n\t\t\t\t<\/div>\n\t\t\t\t\t<\/div>\n\t\t<\/article>\n\t\t\t\t<article class=\"elementor-post elementor-grid-item post-475 post type-post status-publish format-standard has-post-thumbnail hentry category-la-mode-et-le-monde\">\n\t\t\t<div class=\"elementor-post__card\">\n\t\t\t\t<a class=\"elementor-post__thumbnail__link\" href=\"https:\/\/mediathon.intracollab.fr\/index.php\/2024\/02\/29\/annees-2000\/\" tabindex=\"-1\" ><div class=\"elementor-post__thumbnail\"><img loading=\"lazy\" decoding=\"async\" width=\"300\" height=\"169\" src=\"https:\/\/mediathon.intracollab.fr\/wp-content\/uploads\/2024\/02\/Photos-annees-2000-LOOP-300x169.jpg\" class=\"attachment-medium size-medium wp-image-518\" alt=\"\" srcset=\"https:\/\/mediathon.intracollab.fr\/wp-content\/uploads\/2024\/02\/Photos-annees-2000-LOOP-300x169.jpg 300w, https:\/\/mediathon.intracollab.fr\/wp-content\/uploads\/2024\/02\/Photos-annees-2000-LOOP-1024x576.jpg 1024w, https:\/\/mediathon.intracollab.fr\/wp-content\/uploads\/2024\/02\/Photos-annees-2000-LOOP-768x432.jpg 768w, https:\/\/mediathon.intracollab.fr\/wp-content\/uploads\/2024\/02\/Photos-annees-2000-LOOP-1536x864.jpg 1536w, https:\/\/mediathon.intracollab.fr\/wp-content\/uploads\/2024\/02\/Photos-annees-2000-LOOP.jpg 1920w\" sizes=\"(max-width: 300px) 100vw, 300px\" \/><\/div><\/a>\n\t\t\t\t<div class=\"elementor-post__badge\">LA MODE ET LE MONDE<\/div>\n\t\t\t\t<div class=\"elementor-post__text\">\n\t\t\t\t<h3 class=\"elementor-post__title\">\n\t\t\t<a href=\"https:\/\/mediathon.intracollab.fr\/index.php\/2024\/02\/29\/annees-2000\/\" >\n\t\t\t\tAnn\u00e9es 2000\t\t\t<\/a>\n\t\t<\/h3>\n\t\t\n\t\t<a class=\"elementor-post__read-more\" href=\"https:\/\/mediathon.intracollab.fr\/index.php\/2024\/02\/29\/annees-2000\/\" aria-label=\"En savoir plus sur Ann\u00e9es 2000\" tabindex=\"-1\" >\n\t\t\tLire la suite \u00bb\t\t<\/a>\n\n\t\t\t\t<\/div>\n\t\t\t\t<div class=\"elementor-post__meta-data\">\n\t\t\t\t\t<span class=\"elementor-post-date\">\n\t\t\tf\u00e9vrier 29, 2024\t\t<\/span>\n\t\t\t\t<span class=\"elementor-post-avatar\">\n\t\t\tAucun commentaire\t\t<\/span>\n\t\t\t\t<\/div>\n\t\t\t\t\t<\/div>\n\t\t<\/article>\n\t\t\t\t<article class=\"elementor-post elementor-grid-item post-459 post type-post status-publish format-standard has-post-thumbnail hentry category-la-mode-et-le-monde\">\n\t\t\t<div class=\"elementor-post__card\">\n\t\t\t\t<a class=\"elementor-post__thumbnail__link\" href=\"https:\/\/mediathon.intracollab.fr\/index.php\/2024\/02\/29\/golden-globes\/\" tabindex=\"-1\" ><div class=\"elementor-post__thumbnail\"><img loading=\"lazy\" decoding=\"async\" width=\"300\" height=\"200\" src=\"https:\/\/mediathon.intracollab.fr\/wp-content\/uploads\/2024\/02\/telechargement-5-300x200.jpeg\" class=\"attachment-medium size-medium wp-image-514\" alt=\"\" srcset=\"https:\/\/mediathon.intracollab.fr\/wp-content\/uploads\/2024\/02\/telechargement-5-300x200.jpeg 300w, https:\/\/mediathon.intracollab.fr\/wp-content\/uploads\/2024\/02\/telechargement-5-1024x682.jpeg 1024w, https:\/\/mediathon.intracollab.fr\/wp-content\/uploads\/2024\/02\/telechargement-5-768x512.jpeg 768w, https:\/\/mediathon.intracollab.fr\/wp-content\/uploads\/2024\/02\/telechargement-5-1536x1024.jpeg 1536w, https:\/\/mediathon.intracollab.fr\/wp-content\/uploads\/2024\/02\/telechargement-5.jpeg 2000w\" sizes=\"(max-width: 300px) 100vw, 300px\" \/><\/div><\/a>\n\t\t\t\t<div class=\"elementor-post__badge\">LA MODE ET LE MONDE<\/div>\n\t\t\t\t<div class=\"elementor-post__text\">\n\t\t\t\t<h3 class=\"elementor-post__title\">\n\t\t\t<a href=\"https:\/\/mediathon.intracollab.fr\/index.php\/2024\/02\/29\/golden-globes\/\" >\n\t\t\t\tGolden Globes\t\t\t<\/a>\n\t\t<\/h3>\n\t\t\n\t\t<a class=\"elementor-post__read-more\" href=\"https:\/\/mediathon.intracollab.fr\/index.php\/2024\/02\/29\/golden-globes\/\" aria-label=\"En savoir plus sur Golden Globes\" tabindex=\"-1\" >\n\t\t\tLire la suite \u00bb\t\t<\/a>\n\n\t\t\t\t<\/div>\n\t\t\t\t<div class=\"elementor-post__meta-data\">\n\t\t\t\t\t<span class=\"elementor-post-date\">\n\t\t\tf\u00e9vrier 29, 2024\t\t<\/span>\n\t\t\t\t<span class=\"elementor-post-avatar\">\n\t\t\tAucun commentaire\t\t<\/span>\n\t\t\t\t<\/div>\n\t\t\t\t\t<\/div>\n\t\t<\/article>\n\t\t\t\t<article class=\"elementor-post elementor-grid-item post-453 post type-post status-publish format-standard has-post-thumbnail hentry category-la-mode-et-le-monde\">\n\t\t\t<div class=\"elementor-post__card\">\n\t\t\t\t<a class=\"elementor-post__thumbnail__link\" href=\"https:\/\/mediathon.intracollab.fr\/index.php\/2024\/02\/29\/cesars-2024\/\" tabindex=\"-1\" ><div class=\"elementor-post__thumbnail\"><img loading=\"lazy\" decoding=\"async\" width=\"275\" height=\"183\" src=\"https:\/\/mediathon.intracollab.fr\/wp-content\/uploads\/2024\/02\/telechargement-1.jpeg\" class=\"attachment-medium size-medium wp-image-510\" alt=\"\" \/><\/div><\/a>\n\t\t\t\t<div class=\"elementor-post__badge\">LA MODE ET LE MONDE<\/div>\n\t\t\t\t<div class=\"elementor-post__text\">\n\t\t\t\t<h3 class=\"elementor-post__title\">\n\t\t\t<a href=\"https:\/\/mediathon.intracollab.fr\/index.php\/2024\/02\/29\/cesars-2024\/\" >\n\t\t\t\tC\u00e9sars 2024\t\t\t<\/a>\n\t\t<\/h3>\n\t\t\n\t\t<a class=\"elementor-post__read-more\" href=\"https:\/\/mediathon.intracollab.fr\/index.php\/2024\/02\/29\/cesars-2024\/\" aria-label=\"En savoir plus sur C\u00e9sars 2024\" tabindex=\"-1\" >\n\t\t\tLire la suite \u00bb\t\t<\/a>\n\n\t\t\t\t<\/div>\n\t\t\t\t<div class=\"elementor-post__meta-data\">\n\t\t\t\t\t<span class=\"elementor-post-date\">\n\t\t\tf\u00e9vrier 29, 2024\t\t<\/span>\n\t\t\t\t<span class=\"elementor-post-avatar\">\n\t\t\tAucun commentaire\t\t<\/span>\n\t\t\t\t<\/div>\n\t\t\t\t\t<\/div>\n\t\t<\/article>\n\t\t\t\t<article class=\"elementor-post elementor-grid-item post-432 post type-post status-publish format-standard has-post-thumbnail hentry category-la-mode-et-le-monde\">\n\t\t\t<div class=\"elementor-post__card\">\n\t\t\t\t<a class=\"elementor-post__thumbnail__link\" href=\"https:\/\/mediathon.intracollab.fr\/index.php\/2024\/02\/29\/grammys-2024\/\" tabindex=\"-1\" ><div class=\"elementor-post__thumbnail\"><img loading=\"lazy\" decoding=\"async\" width=\"300\" height=\"169\" src=\"https:\/\/mediathon.intracollab.fr\/wp-content\/uploads\/2024\/02\/c61d250cb7aac3d32931aa7f9f13d31e-300x169.png\" class=\"attachment-medium size-medium wp-image-442\" alt=\"\" srcset=\"https:\/\/mediathon.intracollab.fr\/wp-content\/uploads\/2024\/02\/c61d250cb7aac3d32931aa7f9f13d31e-300x169.png 300w, https:\/\/mediathon.intracollab.fr\/wp-content\/uploads\/2024\/02\/c61d250cb7aac3d32931aa7f9f13d31e-1024x576.png 1024w, https:\/\/mediathon.intracollab.fr\/wp-content\/uploads\/2024\/02\/c61d250cb7aac3d32931aa7f9f13d31e-768x432.png 768w, https:\/\/mediathon.intracollab.fr\/wp-content\/uploads\/2024\/02\/c61d250cb7aac3d32931aa7f9f13d31e-1536x864.png 1536w, https:\/\/mediathon.intracollab.fr\/wp-content\/uploads\/2024\/02\/c61d250cb7aac3d32931aa7f9f13d31e.png 1920w\" sizes=\"(max-width: 300px) 100vw, 300px\" \/><\/div><\/a>\n\t\t\t\t<div class=\"elementor-post__badge\">LA MODE ET LE MONDE<\/div>\n\t\t\t\t<div class=\"elementor-post__text\">\n\t\t\t\t<h3 class=\"elementor-post__title\">\n\t\t\t<a href=\"https:\/\/mediathon.intracollab.fr\/index.php\/2024\/02\/29\/grammys-2024\/\" >\n\t\t\t\tGrammys 2024\t\t\t<\/a>\n\t\t<\/h3>\n\t\t\n\t\t<a class=\"elementor-post__read-more\" href=\"https:\/\/mediathon.intracollab.fr\/index.php\/2024\/02\/29\/grammys-2024\/\" aria-label=\"En savoir plus sur Grammys 2024\" tabindex=\"-1\" >\n\t\t\tLire la suite \u00bb\t\t<\/a>\n\n\t\t\t\t<\/div>\n\t\t\t\t<div class=\"elementor-post__meta-data\">\n\t\t\t\t\t<span class=\"elementor-post-date\">\n\t\t\tf\u00e9vrier 29, 2024\t\t<\/span>\n\t\t\t\t<span class=\"elementor-post-avatar\">\n\t\t\tAucun commentaire\t\t<\/span>\n\t\t\t\t<\/div>\n\t\t\t\t\t<\/div>\n\t\t<\/article>\n\t\t\t\t<article class=\"elementor-post elementor-grid-item post-409 post type-post status-publish format-standard has-post-thumbnail hentry category-la-mode-et-le-monde\">\n\t\t\t<div class=\"elementor-post__card\">\n\t\t\t\t<a class=\"elementor-post__thumbnail__link\" href=\"https:\/\/mediathon.intracollab.fr\/index.php\/2024\/02\/29\/barbie\/\" tabindex=\"-1\" ><div class=\"elementor-post__thumbnail\"><img loading=\"lazy\" decoding=\"async\" width=\"300\" height=\"169\" src=\"https:\/\/mediathon.intracollab.fr\/wp-content\/uploads\/2024\/02\/screenshot_2023-06-06_11.36.06-300x169.png\" class=\"attachment-medium size-medium wp-image-231\" alt=\"\" srcset=\"https:\/\/mediathon.intracollab.fr\/wp-content\/uploads\/2024\/02\/screenshot_2023-06-06_11.36.06-300x169.png 300w, https:\/\/mediathon.intracollab.fr\/wp-content\/uploads\/2024\/02\/screenshot_2023-06-06_11.36.06-1024x576.png 1024w, https:\/\/mediathon.intracollab.fr\/wp-content\/uploads\/2024\/02\/screenshot_2023-06-06_11.36.06-768x432.png 768w, https:\/\/mediathon.intracollab.fr\/wp-content\/uploads\/2024\/02\/screenshot_2023-06-06_11.36.06.png 1350w\" sizes=\"(max-width: 300px) 100vw, 300px\" \/><\/div><\/a>\n\t\t\t\t<div class=\"elementor-post__badge\">LA MODE ET LE MONDE<\/div>\n\t\t\t\t<div class=\"elementor-post__text\">\n\t\t\t\t<h3 class=\"elementor-post__title\">\n\t\t\t<a href=\"https:\/\/mediathon.intracollab.fr\/index.php\/2024\/02\/29\/barbie\/\" >\n\t\t\t\tBarbie\t\t\t<\/a>\n\t\t<\/h3>\n\t\t\n\t\t<a class=\"elementor-post__read-more\" href=\"https:\/\/mediathon.intracollab.fr\/index.php\/2024\/02\/29\/barbie\/\" aria-label=\"En savoir plus sur Barbie\" tabindex=\"-1\" >\n\t\t\tLire la suite \u00bb\t\t<\/a>\n\n\t\t\t\t<\/div>\n\t\t\t\t<div class=\"elementor-post__meta-data\">\n\t\t\t\t\t<span class=\"elementor-post-date\">\n\t\t\tf\u00e9vrier 29, 2024\t\t<\/span>\n\t\t\t\t<span class=\"elementor-post-avatar\">\n\t\t\tAucun commentaire\t\t<\/span>\n\t\t\t\t<\/div>\n\t\t\t\t\t<\/div>\n\t\t<\/article>\n\t\t\t\t<\/div>\n\t\t\n\t\t\t\t<\/div>\n\t\t\t\t<\/div>\n\t\t\t\t<div class=\"elementor-element elementor-element-3634d49 elementor-widget elementor-widget-post-info\" data-id=\"3634d49\" data-element_type=\"widget\" data-widget_type=\"post-info.default\">\n\t\t\t\t<div class=\"elementor-widget-container\">\n\t\t\t<link rel=\"stylesheet\" href=\"https:\/\/mediathon.intracollab.fr\/wp-content\/plugins\/elementor\/assets\/css\/widget-icon-list.min.css\"><link rel=\"stylesheet\" href=\"https:\/\/mediathon.intracollab.fr\/wp-content\/plugins\/elementor-pro\/assets\/css\/widget-theme-elements.min.css\">\t\t<ul class=\"elementor-inline-items elementor-icon-list-items elementor-post-info\">\n\t\t\t\t\t\t\t\t<li class=\"elementor-icon-list-item elementor-repeater-item-0b8764d elementor-inline-item\" itemprop=\"author\">\n\t\t\t\t\t\t<a href=\"https:\/\/mediathon.intracollab.fr\/index.php\/author\/louis\/\">\n\t\t\t\t\t\t\t\t\t\t\t<span class=\"elementor-icon-list-icon\">\n\t\t\t\t\t\t\t\t<svg aria-hidden=\"true\" class=\"e-font-icon-svg e-far-user-circle\" viewBox=\"0 0 496 512\" xmlns=\"http:\/\/www.w3.org\/2000\/svg\"><path d=\"M248 104c-53 0-96 43-96 96s43 96 96 96 96-43 96-96-43-96-96-96zm0 144c-26.5 0-48-21.5-48-48s21.5-48 48-48 48 21.5 48 48-21.5 48-48 48zm0-240C111 8 0 119 0 256s111 248 248 248 248-111 248-248S385 8 248 8zm0 448c-49.7 0-95.1-18.3-130.1-48.4 14.9-23 40.4-38.6 69.6-39.5 20.8 6.4 40.6 9.6 60.5 9.6s39.7-3.1 60.5-9.6c29.2 1 54.7 16.5 69.6 39.5-35 30.1-80.4 48.4-130.1 48.4zm162.7-84.1c-24.4-31.4-62.1-51.9-105.1-51.9-10.2 0-26 9.6-57.6 9.6-31.5 0-47.4-9.6-57.6-9.6-42.9 0-80.6 20.5-105.1 51.9C61.9 339.2 48 299.2 48 256c0-110.3 89.7-200 200-200s200 89.7 200 200c0 43.2-13.9 83.2-37.3 115.9z\"><\/path><\/svg>\t\t\t\t\t\t\t<\/span>\n\t\t\t\t\t\t\t\t\t<span class=\"elementor-icon-list-text elementor-post-info__item elementor-post-info__item--type-author\">\n\t\t\t\t\t\t\t\t\t\tLouis Mora\t\t\t\t\t<\/span>\n\t\t\t\t\t\t\t\t\t<\/a>\n\t\t\t\t<\/li>\n\t\t\t\t<li class=\"elementor-icon-list-item elementor-repeater-item-69a9360 elementor-inline-item\" itemprop=\"datePublished\">\n\t\t\t\t\t\t<a href=\"https:\/\/mediathon.intracollab.fr\/index.php\/2024\/02\/29\/\">\n\t\t\t\t\t\t\t\t\t\t\t<span class=\"elementor-icon-list-icon\">\n\t\t\t\t\t\t\t\t<svg aria-hidden=\"true\" class=\"e-font-icon-svg e-fas-calendar\" viewBox=\"0 0 448 512\" xmlns=\"http:\/\/www.w3.org\/2000\/svg\"><path d=\"M12 192h424c6.6 0 12 5.4 12 12v260c0 26.5-21.5 48-48 48H48c-26.5 0-48-21.5-48-48V204c0-6.6 5.4-12 12-12zm436-44v-36c0-26.5-21.5-48-48-48h-48V12c0-6.6-5.4-12-12-12h-40c-6.6 0-12 5.4-12 12v52H160V12c0-6.6-5.4-12-12-12h-40c-6.6 0-12 5.4-12 12v52H48C21.5 64 0 85.5 0 112v36c0 6.6 5.4 12 12 12h424c6.6 0 12-5.4 12-12z\"><\/path><\/svg>\t\t\t\t\t\t\t<\/span>\n\t\t\t\t\t\t\t\t\t<span class=\"elementor-icon-list-text elementor-post-info__item elementor-post-info__item--type-date\">\n\t\t\t\t\t\t\t\t\t\tf\u00e9vrier 29, 2024\t\t\t\t\t<\/span>\n\t\t\t\t\t\t\t\t\t<\/a>\n\t\t\t\t<\/li>\n\t\t\t\t<li class=\"elementor-icon-list-item elementor-repeater-item-71ddda2 elementor-inline-item\">\n\t\t\t\t\t\t\t\t\t\t<span class=\"elementor-icon-list-icon\">\n\t\t\t\t\t\t\t\t<svg aria-hidden=\"true\" class=\"e-font-icon-svg e-far-clock\" viewBox=\"0 0 512 512\" xmlns=\"http:\/\/www.w3.org\/2000\/svg\"><path d=\"M256 8C119 8 8 119 8 256s111 248 248 248 248-111 248-248S393 8 256 8zm0 448c-110.5 0-200-89.5-200-200S145.5 56 256 56s200 89.5 200 200-89.5 200-200 200zm61.8-104.4l-84.9-61.7c-3.1-2.3-4.9-5.9-4.9-9.7V116c0-6.6 5.4-12 12-12h32c6.6 0 12 5.4 12 12v141.7l66.8 48.6c5.4 3.9 6.5 11.4 2.6 16.8L334.6 349c-3.9 5.3-11.4 6.5-16.8 2.6z\"><\/path><\/svg>\t\t\t\t\t\t\t<\/span>\n\t\t\t\t\t\t\t\t\t<span class=\"elementor-icon-list-text elementor-post-info__item elementor-post-info__item--type-time\">\n\t\t\t\t\t\t\t\t\t\t1:10 pm\t\t\t\t\t<\/span>\n\t\t\t\t\t\t\t\t<\/li>\n\t\t\t\t<li class=\"elementor-icon-list-item elementor-repeater-item-3132045 elementor-inline-item\" itemprop=\"commentCount\">\n\t\t\t\t\t\t<a href=\"https:\/\/mediathon.intracollab.fr\/index.php\/2024\/02\/29\/barbie\/#respond\">\n\t\t\t\t\t\t\t\t\t\t\t<span class=\"elementor-icon-list-icon\">\n\t\t\t\t\t\t\t\t<svg aria-hidden=\"true\" class=\"e-font-icon-svg e-far-comment-dots\" viewBox=\"0 0 512 512\" xmlns=\"http:\/\/www.w3.org\/2000\/svg\"><path d=\"M144 208c-17.7 0-32 14.3-32 32s14.3 32 32 32 32-14.3 32-32-14.3-32-32-32zm112 0c-17.7 0-32 14.3-32 32s14.3 32 32 32 32-14.3 32-32-14.3-32-32-32zm112 0c-17.7 0-32 14.3-32 32s14.3 32 32 32 32-14.3 32-32-14.3-32-32-32zM256 32C114.6 32 0 125.1 0 240c0 47.6 19.9 91.2 52.9 126.3C38 405.7 7 439.1 6.5 439.5c-6.6 7-8.4 17.2-4.6 26S14.4 480 24 480c61.5 0 110-25.7 139.1-46.3C192 442.8 223.2 448 256 448c141.4 0 256-93.1 256-208S397.4 32 256 32zm0 368c-26.7 0-53.1-4.1-78.4-12.1l-22.7-7.2-19.5 13.8c-14.3 10.1-33.9 21.4-57.5 29 7.3-12.1 14.4-25.7 19.9-40.2l10.6-28.1-20.6-21.8C69.7 314.1 48 282.2 48 240c0-88.2 93.3-160 208-160s208 71.8 208 160-93.3 160-208 160z\"><\/path><\/svg>\t\t\t\t\t\t\t<\/span>\n\t\t\t\t\t\t\t\t\t<span class=\"elementor-icon-list-text elementor-post-info__item elementor-post-info__item--type-comments\">\n\t\t\t\t\t\t\t\t\t\tAucun commentaire\t\t\t\t\t<\/span>\n\t\t\t\t\t\t\t\t\t<\/a>\n\t\t\t\t<\/li>\n\t\t\t\t<\/ul>\n\t\t\t\t<\/div>\n\t\t\t\t<\/div>\n\t\t\t\t\t<\/div>\n\t\t\t\t<\/div>\n\t\t\t\t\t<\/div>\n\t\t\t\t<\/div>\n\t\t<div class=\"elementor-element elementor-element-7ba0698 e-flex e-con-boxed wpr-particle-no wpr-jarallax-no wpr-parallax-no wpr-sticky-section-no e-con e-parent\" data-id=\"7ba0698\" data-element_type=\"container\" data-settings=\"{&quot;content_width&quot;:&quot;boxed&quot;}\" data-core-v316-plus=\"true\">\n\t\t\t\t\t<div class=\"e-con-inner\">\n\t\t\t\t<div class=\"elementor-element elementor-element-c340463 elementor-widget elementor-widget-jkit_post_comment\" data-id=\"c340463\" data-element_type=\"widget\" data-widget_type=\"jkit_post_comment.default\">\n\t\t\t\t<div class=\"elementor-widget-container\">\n\t\t\t<div  class=\"jeg-elementor-kit jkit-post-comment jeg_module___69f33ae99fc6d\" ><\/div>\t\t<\/div>\n\t\t\t\t<\/div>\n\t\t\t\t\t<\/div>\n\t\t\t\t<\/div>\n\t\t\t\t<\/div>\n\t\t","protected":false},"excerpt":{"rendered":"<p>L\u2019incroyable histoire de<\/p>\n","protected":false},"author":1,"featured_media":247,"comment_status":"open","ping_status":"open","sticky":false,"template":"elementor_header_footer","format":"standard","meta":{"footnotes":""},"categories":[8],"tags":[],"_links":{"self":[{"href":"https:\/\/mediathon.intracollab.fr\/index.php\/wp-json\/wp\/v2\/posts\/233"}],"collection":[{"href":"https:\/\/mediathon.intracollab.fr\/index.php\/wp-json\/wp\/v2\/posts"}],"about":[{"href":"https:\/\/mediathon.intracollab.fr\/index.php\/wp-json\/wp\/v2\/types\/post"}],"author":[{"embeddable":true,"href":"https:\/\/mediathon.intracollab.fr\/index.php\/wp-json\/wp\/v2\/users\/1"}],"replies":[{"embeddable":true,"href":"https:\/\/mediathon.intracollab.fr\/index.php\/wp-json\/wp\/v2\/comments?post=233"}],"version-history":[{"count":61,"href":"https:\/\/mediathon.intracollab.fr\/index.php\/wp-json\/wp\/v2\/posts\/233\/revisions"}],"predecessor-version":[{"id":645,"href":"https:\/\/mediathon.intracollab.fr\/index.php\/wp-json\/wp\/v2\/posts\/233\/revisions\/645"}],"wp:featuredmedia":[{"embeddable":true,"href":"https:\/\/mediathon.intracollab.fr\/index.php\/wp-json\/wp\/v2\/media\/247"}],"wp:attachment":[{"href":"https:\/\/mediathon.intracollab.fr\/index.php\/wp-json\/wp\/v2\/media?parent=233"}],"wp:term":[{"taxonomy":"category","embeddable":true,"href":"https:\/\/mediathon.intracollab.fr\/index.php\/wp-json\/wp\/v2\/categories?post=233"},{"taxonomy":"post_tag","embeddable":true,"href":"https:\/\/mediathon.intracollab.fr\/index.php\/wp-json\/wp\/v2\/tags?post=233"}],"curies":[{"name":"wp","href":"https:\/\/api.w.org\/{rel}","templated":true}]}}